{"id":894,"date":"2019-09-24T15:01:00","date_gmt":"2019-09-24T14:01:00","guid":{"rendered":"https:\/\/www.isticcadeddu.com\/test\/?p=894"},"modified":"2021-05-30T14:50:26","modified_gmt":"2021-05-30T13:50:26","slug":"annuncio-la-voce-dei-quartieri","status":"publish","type":"post","link":"https:\/\/www.isticcadeddu.com\/annuncio-la-voce-dei-quartieri\/","title":{"rendered":"Annuncio &#8211; La voce dei quartieri"},"content":{"rendered":"\n<p class=\"wp-block-paragraph\">Cari concittadini di Isticcadeddu, vi informiamo che domani, mercoled\u00ec 25 settembre, riprender\u00e0 la programmazione de &#8220;La voce dei quartieri&#8221;, una finestra settimanale sulle diverse zone della nostra citt\u00e0, su Radio Internazionale &#8211; Costa Smeralda. Alle ore 11, in questa occasione ci sar\u00e0 la partecipazione congiunta dei presidenti di alcuni comitati di quartiere e di frazione di Olbia. Vi aspettiamo.<\/p>\n","protected":false},"excerpt":{"rendered":"<p>Cari concittadini di Isticcadeddu, vi informiamo che domani, mercoled\u00ec 25 settembre, riprender\u00e0 la programmazione de &#8220;La voce dei quartieri&#8221;, una finestra settimanale sulle diverse zone della nostra citt\u00e0, su Radio Internazionale &#8211; Costa Smeralda. Alle ore 11, in questa occasione ci sar\u00e0 la partecipazione congiunta dei presidenti di alcuni comitati di quartiere e di frazione &#8230; <a title=\"Annuncio &#8211; La voce dei quartieri\" class=\"read-more\" href=\"https:\/\/www.isticcadeddu.com\/annuncio-la-voce-dei-quartieri\/\" aria-label=\"Per saperne di pi\u00f9 su Annuncio &#8211; La voce dei quartieri\">Leggi tutto<\/a><\/p>\n","protected":false},"author":2,"featured_media":0,"comment_status":"closed","ping_status":"closed","sticky":false,"template":"","format":"standard","meta":{"footnotes":"","_links_to":"","_links_to_target":""},"categories":[5],"tags":[],"class_list":["post-894","post","type-post","status-publish","format-standard","hentry","category-comunicati-e-avvisi"],"_links":{"self":[{"href":"https:\/\/www.isticcadeddu.com\/test\/wp-json\/wp\/v2\/posts\/894","targetHints":{"allow":["GET"]}}],"collection":[{"href":"https:\/\/www.isticcadeddu.com\/test\/wp-json\/wp\/v2\/posts"}],"about":[{"href":"https:\/\/www.isticcadeddu.com\/test\/wp-json\/wp\/v2\/types\/post"}],"author":[{"embeddable":true,"href":"https:\/\/www.isticcadeddu.com\/test\/wp-json\/wp\/v2\/users\/2"}],"replies":[{"embeddable":true,"href":"https:\/\/www.isticcadeddu.com\/test\/wp-json\/wp\/v2\/comments?post=894"}],"version-history":[{"count":2,"href":"https:\/\/www.isticcadeddu.com\/test\/wp-json\/wp\/v2\/posts\/894\/revisions"}],"predecessor-version":[{"id":896,"href":"https:\/\/www.isticcadeddu.com\/test\/wp-json\/wp\/v2\/posts\/894\/revisions\/896"}],"wp:attachment":[{"href":"https:\/\/www.isticcadeddu.com\/test\/wp-json\/wp\/v2\/media?parent=894"}],"wp:term":[{"taxonomy":"category","embeddable":true,"href":"https:\/\/www.isticcadeddu.com\/test\/wp-json\/wp\/v2\/categories?post=894"},{"taxonomy":"post_tag","embeddable":true,"href":"https:\/\/www.isticcadeddu.com\/test\/wp-json\/wp\/v2\/tags?post=894"}],"curies":[{"name":"wp","href":"https:\/\/api.w.org\/{rel}","templated":true}]}}