{"id":2508,"date":"2026-01-06T15:19:00","date_gmt":"2026-01-06T14:19:00","guid":{"rendered":"https:\/\/www.isticcadeddu.com\/test\/?p=2508"},"modified":"2026-01-16T00:06:02","modified_gmt":"2026-01-15T23:06:02","slug":"festa-di-santantonio-abate","status":"publish","type":"post","link":"https:\/\/www.isticcadeddu.com\/festa-di-santantonio-abate\/","title":{"rendered":"Festa di Sant&#8217;Antonio Abate"},"content":{"rendered":"\n<p class=\"wp-block-paragraph\">Anche quest&#8217;anno il Comitato di quartiere di Isticcadeddu promuove e partecipa all&#8217;organizzazione dei festeggiamenti in onore di Sant&#8217;Antonio Abate. Il supporto al Comitato della Festa ed alla parrocchia di S. Michele Arcangelo \u00e8 concreto e convinto, alla luce del fatto che qui ad Olbia \u00e8 stato riproposto il culto del Santo, proprio nel quartiere di Isticcadeddu. Un culto che gi\u00e0 unisce la Diocesi di Tempio\/Ampurias, in quanto Sant&#8217;Antonio Abate ne \u00e8 il copatrono insieme a S. Simplicio. Questa festa oltre all&#8217;aspetto religioso molto suggestivo, ricopre anche il ruolo di tramandare alle nuove generazioni, usanze della tradizione popolare legate al mondo agro\/pastorale di numerose aree della Sardegna, che culmineranno anche quest&#8217;anno con l&#8217;accensione del fal\u00f2 in onore del Santo.<br>I nostri concittadini sono invitati a partecipare.<\/p>\n","protected":false},"excerpt":{"rendered":"<p>Anche quest&#8217;anno il Comitato di quartiere di Isticcadeddu promuove e partecipa all&#8217;organizzazione dei festeggiamenti in onore di Sant&#8217;Antonio Abate. Il supporto al Comitato della Festa ed alla parrocchia di S. Michele Arcangelo \u00e8 concreto e convinto, alla luce del fatto che qui ad Olbia \u00e8 stato riproposto il culto del Santo, proprio nel quartiere di &#8230; <a title=\"Festa di Sant&#8217;Antonio Abate\" class=\"read-more\" href=\"https:\/\/www.isticcadeddu.com\/festa-di-santantonio-abate\/\" aria-label=\"Per saperne di pi\u00f9 su Festa di Sant&#8217;Antonio Abate\">Leggi tutto<\/a><\/p>\n","protected":false},"author":3,"featured_media":2509,"comment_status":"closed","ping_status":"closed","sticky":false,"template":"","format":"standard","meta":{"footnotes":"","_links_to":"","_links_to_target":""},"categories":[5],"tags":[],"class_list":["post-2508","post","type-post","status-publish","format-standard","has-post-thumbnail","hentry","category-comunicati-e-avvisi"],"_links":{"self":[{"href":"https:\/\/www.isticcadeddu.com\/test\/wp-json\/wp\/v2\/posts\/2508","targetHints":{"allow":["GET"]}}],"collection":[{"href":"https:\/\/www.isticcadeddu.com\/test\/wp-json\/wp\/v2\/posts"}],"about":[{"href":"https:\/\/www.isticcadeddu.com\/test\/wp-json\/wp\/v2\/types\/post"}],"author":[{"embeddable":true,"href":"https:\/\/www.isticcadeddu.com\/test\/wp-json\/wp\/v2\/users\/3"}],"replies":[{"embeddable":true,"href":"https:\/\/www.isticcadeddu.com\/test\/wp-json\/wp\/v2\/comments?post=2508"}],"version-history":[{"count":1,"href":"https:\/\/www.isticcadeddu.com\/test\/wp-json\/wp\/v2\/posts\/2508\/revisions"}],"predecessor-version":[{"id":2510,"href":"https:\/\/www.isticcadeddu.com\/test\/wp-json\/wp\/v2\/posts\/2508\/revisions\/2510"}],"wp:featuredmedia":[{"embeddable":true,"href":"https:\/\/www.isticcadeddu.com\/test\/wp-json\/wp\/v2\/media\/2509"}],"wp:attachment":[{"href":"https:\/\/www.isticcadeddu.com\/test\/wp-json\/wp\/v2\/media?parent=2508"}],"wp:term":[{"taxonomy":"category","embeddable":true,"href":"https:\/\/www.isticcadeddu.com\/test\/wp-json\/wp\/v2\/categories?post=2508"},{"taxonomy":"post_tag","embeddable":true,"href":"https:\/\/www.isticcadeddu.com\/test\/wp-json\/wp\/v2\/tags?post=2508"}],"curies":[{"name":"wp","href":"https:\/\/api.w.org\/{rel}","templated":true}]}}